{"id":81,"date":"2024-01-18T15:34:36","date_gmt":"2024-01-18T15:34:36","guid":{"rendered":"https:\/\/aturena.com\/?p=81"},"modified":"2024-10-14T17:55:59","modified_gmt":"2024-10-14T17:55:59","slug":"cerro-chirripo","status":"publish","type":"post","link":"https:\/\/aturena.com\/index.php\/2024\/01\/18\/cerro-chirripo\/","title":{"rendered":"Tour a Cerro Chirrip\u00f3"},"content":{"rendered":"<ul>\n<li dir=\"auto\">Paquete de tres d\u00edas y dos noches en Chirrip\u00f3 m\u00e1s una noche en San Jer\u00f3nimo el d\u00eda antes del ascenso, para un total de 4 d\u00edas y tres noches.<\/li>\n<li dir=\"auto\">Registro el d\u00eda antes del ascenso m\u00e1ximo hasta las 3:30 p.m.<\/li>\n<li dir=\"auto\">Grupos de m\u00e1ximo 8 personas.<\/li>\n<li dir=\"auto\">D\u00edas de ascenso: <strong>lunes, mi\u00e9rcoles y viernes.<\/strong><\/li>\n<li dir=\"auto\">D\u00edas de registro: <strong>domingo, martes y jueves.<\/strong><\/li>\n<\/ul>\n<div dir=\"auto\"><\/div>\n<div dir=\"auto\">\u00a1Suba con nosotros y atraviese la maravillosa Sabana de Los Leones, ser\u00e1 un placer ayudarles a coordinar su ascenso a la cima del pa\u00eds!<span class=\"fe5nidar khvhiq1o r5qsrrlp i5tg98hk f9ovudaz przvwfww gx1rr48f gfz4du6o r7fjleex nz2484kf svot0ezm dcnh1tix sxl192xd t3g6t33p\"><span class=\"mpj7bzys xzlurrtv\">\u26f0\ufe0f<\/span><\/span> <span class=\"fe5nidar khvhiq1o r5qsrrlp i5tg98hk f9ovudaz przvwfww gx1rr48f gfz4du6o r7fjleex nz2484kf svot0ezm dcnh1tix sxl192xd t3g6t33p\"><span class=\"mpj7bzys xzlurrtv\">\ud83c\udde8\ud83c\uddf7<\/span><\/span><\/div>\n<div dir=\"auto\"><\/div>\n<div dir=\"auto\"><\/div>\n<div class=\"x11i5rnm xat24cr x1mh8g0r x1vvkbs xtlvy1s x126k92a\">\n<div dir=\"auto\"><strong>M\u00e1s informaci\u00f3n:<\/strong><\/div>\n<p>G mail:\u00a0<strong> info@aturena.com \/ infoaturena@gmail.com<\/strong><br \/>\nDirecci\u00f3n: 50 mts norte de la Escuela San Jer\u00f3nimo, San Pedro, P\u00e9rez Zeled\u00f3n.<br \/>\nTel\u00e9fono: <strong>(506) 8374-3443<\/strong><\/p>\n<\/div>\n","protected":false},"excerpt":{"rendered":"<p>Paquete de tres d\u00edas y dos noches en Chirrip\u00f3 m\u00e1s una noche en San Jer\u00f3nimo el d\u00eda antes del ascenso, para un total de 4 d\u00edas y tres noches. Registro el d\u00eda antes del ascenso m\u00e1ximo hasta las 3:30 p.m. Grupos de m\u00e1ximo 8 personas. D\u00edas de ascenso: lunes, mi\u00e9rcoles y viernes. D\u00edas de registro: [&hellip;]<\/p>\n","protected":false},"author":1,"featured_media":759,"comment_status":"closed","ping_status":"closed","sticky":false,"template":"","format":"standard","meta":{"two_page_speed":[],"footnotes":""},"categories":[5],"tags":[],"class_list":["post-81","post","type-post","status-publish","format-standard","has-post-thumbnail","hentry","category-tours"],"_links":{"self":[{"href":"https:\/\/aturena.com\/index.php\/wp-json\/wp\/v2\/posts\/81","targetHints":{"allow":["GET"]}}],"collection":[{"href":"https:\/\/aturena.com\/index.php\/wp-json\/wp\/v2\/posts"}],"about":[{"href":"https:\/\/aturena.com\/index.php\/wp-json\/wp\/v2\/types\/post"}],"author":[{"embeddable":true,"href":"https:\/\/aturena.com\/index.php\/wp-json\/wp\/v2\/users\/1"}],"replies":[{"embeddable":true,"href":"https:\/\/aturena.com\/index.php\/wp-json\/wp\/v2\/comments?post=81"}],"version-history":[{"count":20,"href":"https:\/\/aturena.com\/index.php\/wp-json\/wp\/v2\/posts\/81\/revisions"}],"predecessor-version":[{"id":815,"href":"https:\/\/aturena.com\/index.php\/wp-json\/wp\/v2\/posts\/81\/revisions\/815"}],"wp:featuredmedia":[{"embeddable":true,"href":"https:\/\/aturena.com\/index.php\/wp-json\/wp\/v2\/media\/759"}],"wp:attachment":[{"href":"https:\/\/aturena.com\/index.php\/wp-json\/wp\/v2\/media?parent=81"}],"wp:term":[{"taxonomy":"category","embeddable":true,"href":"https:\/\/aturena.com\/index.php\/wp-json\/wp\/v2\/categories?post=81"},{"taxonomy":"post_tag","embeddable":true,"href":"https:\/\/aturena.com\/index.php\/wp-json\/wp\/v2\/tags?post=81"}],"curies":[{"name":"wp","href":"https:\/\/api.w.org\/{rel}","templated":true}]}}